{"id":9375,"date":"2018-06-04T12:27:28","date_gmt":"2018-06-04T09:27:28","guid":{"rendered":"https:\/\/www.invictory.org\/news\/?p=9375"},"modified":"2018-06-04T13:59:33","modified_gmt":"2018-06-04T10:59:33","slug":"germaniya-v-berlinskom-kafedralnom-sobore-proizoshla-strelba","status":"publish","type":"post","link":"https:\/\/www.invictory.org\/news\/society\/9375-germaniya-v-berlinskom-kafedralnom-sobore-proizoshla-strelba","title":{"rendered":"\u0413\u0435\u0440\u043c\u0430\u043d\u0438\u044f: \u0432 \u0411\u0435\u0440\u043b\u0438\u043d\u0441\u043a\u043e\u043c \u043a\u0430\u0444\u0435\u0434\u0440\u0430\u043b\u044c\u043d\u043e\u043c \u0441\u043e\u0431\u043e\u0440\u0435 \u043f\u0440\u043e\u0438\u0437\u043e\u0448\u043b\u0430 \u0441\u0442\u0440\u0435\u043b\u044c\u0431\u0430"},"content":{"rendered":"<p>\u0412 \u0411\u0435\u0440\u043b\u0438\u043d\u0441\u043a\u043e\u043c \u043a\u0430\u0444\u0435\u0434\u0440\u0430\u043b\u044c\u043d\u043e\u043c \u0441\u043e\u0431\u043e\u0440\u0435 \u043f\u043e\u043b\u0438\u0446\u0435\u0439\u0441\u043a\u0438\u0439 \u043e\u0442\u043a\u0440\u044b\u043b \u043e\u0433\u043e\u043d\u044c \u043f\u043e\u00a0\u0434\u0435\u0431\u043e\u0448\u0438\u0440\u0443.<\/p>\n<p>\u041d\u0430\u0440\u0443\u0448\u0438\u0442\u0435\u043b\u044c \u0441\u043f\u043e\u043a\u043e\u0439\u0441\u0442\u0432\u0438\u044f \u0431\u044b\u043b \u0432\u043e\u043e\u0440\u0443\u0436\u0435\u043d \u043d\u043e\u0436\u043e\u043c. \u0412 \u043c\u043e\u043c\u0435\u043d\u0442 \u043f\u0440\u043e\u0438\u0441\u0448\u0435\u0441\u0442\u0432\u0438\u044f \u0432\u00a0\u0441\u043e\u0431\u043e\u0440\u0435 \u043d\u0430\u0445\u043e\u0434\u0438\u043b\u0438\u0441\u044c \u043f\u043e\u0440\u044f\u0434\u043a\u0430 100 \u0447\u0435\u043b\u043e\u0432\u0435\u043a. \u0414\u0435\u0431\u043e\u0448\u0438\u0440 \u0438\u00a0\u043f\u043e\u043b\u0438\u0446\u0435\u0439\u0441\u043a\u0438\u0439 \u043f\u043e\u043b\u0443\u0447\u0438\u043b\u0438 \u0440\u0430\u043d\u0435\u043d\u0438\u044f, \u0438\u0445 \u0434\u043e\u0441\u0442\u0430\u0432\u0438\u043b\u0438 \u0432\u00a0\u0431\u043e\u043b\u044c\u043d\u0438\u0446\u0443, \u0441\u043e\u043e\u0431\u0449\u0430\u0435\u0442\u00a0\u0425\u0440\u0438\u0441\u0442\u0438\u0430\u043d\u0441\u043a\u0438\u0439 \u041c\u0435\u0433\u0430\u043f\u043e\u0440\u0442\u0430\u043b\u00a0<a href=\"http:\/\/www.invictory.com\/\" target=\"_blank\" rel=\"noopener\">invictory.com<\/a> \u0441\u043e \u0441\u0441\u044b\u043b\u043a\u043e\u0439 \u043d\u0430 <a href=\"https:\/\/ria.ru\/world\/20180603\/1521970008.html\" target=\"_blank\" rel=\"noopener\">\u0420\u0418\u0410 \u041d\u043e\u0432\u043e\u0441\u0442\u0438<\/a>.<\/p>\n<div class=\"fitvids-video\">\n<blockquote class=\"twitter-tweet\" data-width=\"550\" data-dnt=\"true\">\n<p lang=\"en\" dir=\"ltr\"><a href=\"https:\/\/twitter.com\/hashtag\/BREAKING?src=hash&amp;ref_src=twsrc%5Etfw\">#BREAKING<\/a> Armed police have cordoned off Berlin Cathedral after an officer reportedly shot a man at the building (BBC) <a href=\"https:\/\/t.co\/oQbRWhxO4d\">pic.twitter.com\/oQbRWhxO4d<\/a><\/p>\n<p>&mdash; News This Second (@NewsThisSecond) <a href=\"https:\/\/twitter.com\/NewsThisSecond\/status\/1003296719071797250?ref_src=twsrc%5Etfw\">June 3, 2018<\/a><\/p><\/blockquote>\n<p><script async src=\"https:\/\/platform.twitter.com\/widgets.js\" charset=\"utf-8\"><\/script><\/div>\n<p>&nbsp;<\/p>\n<p>&#171;\u041f\u043e\u0434\u043e\u0437\u0440\u0435\u0432\u0430\u0435\u043c\u044b\u0439 \u044f\u0432\u043b\u044f\u0435\u0442\u0441\u044f 53-\u043b\u0435\u0442\u043d\u0438\u043c \u043c\u0443\u0436\u0447\u0438\u043d\u043e\u0439. \u041e\u0441\u043d\u043e\u0432\u0430\u043d\u0438\u0439 \u043f\u0440\u0435\u0434\u043f\u043e\u043b\u0430\u0433\u0430\u0442\u044c \u0442\u0435\u0440\u0440\u043e\u0440\u0438\u0441\u0442\u0438\u0447\u0435\u0441\u043a\u0438\u0439 \u0438\u043b\u0438\u00a0\u0438\u0441\u043b\u0430\u043c\u0438\u0441\u0442\u0441\u043a\u0438\u0439 \u043c\u043e\u0442\u0438\u0432 \u043f\u0440\u043e\u0438\u0441\u0448\u0435\u0441\u0442\u0432\u0438\u044f \u0432\u00a0\u043d\u0430\u0441\u0442\u043e\u044f\u0449\u0438\u0439 \u043c\u043e\u043c\u0435\u043d\u0442 \u043d\u0435\u0442&#187;,\u00a0\u2014 \u0433\u043e\u0432\u043e\u0440\u0438\u0442\u0441\u044f \u0432\u00a0\u0441\u043e\u043e\u0431\u0449\u0435\u043d\u0438\u0438.<\/p>\n<p>\u041f\u0440\u0438 \u044d\u0442\u043e\u043c \u0438\u0437\u0434\u0430\u043d\u0438\u0435\u00a0<a style=\"font-style: inherit;font-weight: inherit\" href=\"https:\/\/www.bild.de\/regional\/berlin\/berliner-dom\/polizist-soll-auf-mann-geschossen-haben-55892628.bild.html\" target=\"_blank\" rel=\"noopener\">Bild<\/a>\u00a0\u0441\u043e\u043e\u0431\u0449\u0438\u043b\u043e, \u0447\u0442\u043e \u0440\u0430\u043d\u0435\u043d\u0438\u0435 \u0442\u0430\u043a\u0436\u0435 \u043f\u043e\u043b\u0443\u0447\u0438\u043b \u0435\u0449\u0435 \u043e\u0434\u0438\u043d \u043f\u043e\u043b\u0438\u0446\u0435\u0439\u0441\u043a\u0438\u0439.<\/p>\n<div class=\"fitvids-video\">\n<blockquote class=\"twitter-tweet\" data-width=\"550\" data-dnt=\"true\">\n<p lang=\"fr\" dir=\"ltr\">ALERTE INFO &#8212; Allemagne: la police tire sur un homme \u00e0 l&#39;int\u00e9rieur de la cath\u00e9drale de Berlin<a href=\"https:\/\/t.co\/MQGGRTRR5T\">https:\/\/t.co\/MQGGRTRR5T<\/a> <a href=\"https:\/\/t.co\/Hx1jt85viy\">pic.twitter.com\/Hx1jt85viy<\/a><\/p>\n<p>&mdash; BFMTV (@BFMTV) <a href=\"https:\/\/twitter.com\/BFMTV\/status\/1003297105614721025?ref_src=twsrc%5Etfw\">June 3, 2018<\/a><\/p><\/blockquote>\n<p><script async src=\"https:\/\/platform.twitter.com\/widgets.js\" charset=\"utf-8\"><\/script><\/div>\n<p>&nbsp;<\/p>\n","protected":false},"excerpt":{"rendered":"<p>\u0412 \u0411\u0435\u0440\u043b\u0438\u043d\u0441\u043a\u043e\u043c \u043a\u0430\u0444\u0435\u0434\u0440\u0430\u043b\u044c\u043d\u043e\u043c \u0441\u043e\u0431\u043e\u0440\u0435 \u043f\u043e\u043b\u0438\u0446\u0435\u0439\u0441\u043a\u0438\u0439 \u043e\u0442\u043a\u0440\u044b\u043b \u043e\u0433\u043e\u043d\u044c \u043f\u043e\u00a0\u0434\u0435\u0431\u043e\u0448\u0438\u0440\u0443. \u041d\u0430\u0440\u0443\u0448\u0438\u0442\u0435\u043b\u044c \u0441\u043f\u043e\u043a\u043e\u0439\u0441\u0442\u0432\u0438\u044f \u0431\u044b\u043b \u0432\u043e\u043e\u0440\u0443\u0436\u0435\u043d \u043d\u043e\u0436\u043e\u043c. \u0412 \u043c\u043e\u043c\u0435\u043d\u0442 \u043f\u0440\u043e\u0438\u0441\u0448\u0435\u0441\u0442\u0432\u0438\u044f \u0432\u00a0\u0441\u043e\u0431\u043e\u0440\u0435 \u043d\u0430\u0445\u043e\u0434\u0438\u043b\u0438\u0441\u044c \u043f\u043e\u0440\u044f\u0434\u043a\u0430 100<\/p>\n","protected":false},"author":5,"featured_media":5453,"comment_status":"closed","ping_status":"closed","sticky":false,"template":"","format":"standard","meta":{"inline_featured_image":false,"_mi_skip_tracking":false,"footnotes":""},"categories":[7],"tags":[990,3288,45,219],"aioseo_notices":[],"_links":{"self":[{"href":"https:\/\/www.invictory.org\/news\/wp-json\/wp\/v2\/posts\/9375"}],"collection":[{"href":"https:\/\/www.invictory.org\/news\/wp-json\/wp\/v2\/posts"}],"about":[{"href":"https:\/\/www.invictory.org\/news\/wp-json\/wp\/v2\/types\/post"}],"author":[{"embeddable":true,"href":"https:\/\/www.invictory.org\/news\/wp-json\/wp\/v2\/users\/5"}],"replies":[{"embeddable":true,"href":"https:\/\/www.invictory.org\/news\/wp-json\/wp\/v2\/comments?post=9375"}],"version-history":[{"count":1,"href":"https:\/\/www.invictory.org\/news\/wp-json\/wp\/v2\/posts\/9375\/revisions"}],"predecessor-version":[{"id":9377,"href":"https:\/\/www.invictory.org\/news\/wp-json\/wp\/v2\/posts\/9375\/revisions\/9377"}],"wp:featuredmedia":[{"embeddable":true,"href":"https:\/\/www.invictory.org\/news\/wp-json\/wp\/v2\/media\/5453"}],"wp:attachment":[{"href":"https:\/\/www.invictory.org\/news\/wp-json\/wp\/v2\/media?parent=9375"}],"wp:term":[{"taxonomy":"category","embeddable":true,"href":"https:\/\/www.invictory.org\/news\/wp-json\/wp\/v2\/categories?post=9375"},{"taxonomy":"post_tag","embeddable":true,"href":"https:\/\/www.invictory.org\/news\/wp-json\/wp\/v2\/tags?post=9375"}],"curies":[{"name":"wp","href":"https:\/\/api.w.org\/{rel}","templated":true}]}}